{"id":156,"date":"2008-08-31T21:44:44","date_gmt":"2008-08-31T21:44:44","guid":{"rendered":"http:\/\/mapguy.wordpress.com\/?p=156"},"modified":"2008-08-31T21:44:44","modified_gmt":"2008-08-31T21:44:44","slug":"concediu-dulce-concediu","status":"publish","type":"post","link":"https:\/\/ciprian.talaba.eu\/blog\/concediu-dulce-concediu\/","title":{"rendered":"Concediu, dulce concediu"},"content":{"rendered":"<p>M\u00e2ine plec\u0103m spre litoral. Nu, nu pe litoralul rom\u00e2nesc ci spre cel bulg\u0103resc. Vreau s\u0103 dau \u00eenc\u0103 o palm\u0103 managerilor de hoteluri de pe litoralul rom\u00e2nesc. Acum 3 ani am luat decizia s\u0103 nu mai calc prin niciun hotel dintre Mamaia \u0219i Mangalia. \u0218i nu am c\u0103lcat, chiar dac\u0103 numai anul ast\u0103 am f\u0103cut 3 drumuri spre mare. Numai c\u0103 este mai ieftin s\u0103 plec s\u00e2mb\u0103t\u0103 diminea\u021ba cu ma\u0219ina, s\u0103 m\u0103 \u00eentorc s\u00e2mb\u0103t\u0103 seara, \u0219i s\u0103 plec duminic\u0103 din nou dec\u00e2t s\u0103 pl\u0103tesc o noapte de cazare la noi. Trist!<\/p>\n<p>Oricum m-am \u00eentins cam mult, cert e de m\u00e2ine am program de plaj\u0103, somn \u0219i m\u00e2ncare. Nu s-ar zice c\u0103 vreau s\u0103 scap de vreo 5 kilograme. Ne citim lunea viitoare!<\/p>\n","protected":false},"excerpt":{"rendered":"<p>M\u00e2ine plec\u0103m spre litoral. Nu, nu pe litoralul rom\u00e2nesc ci spre cel bulg\u0103resc. Vreau s\u0103 dau \u00eenc\u0103 o palm\u0103 managerilor de hoteluri de pe litoralul rom\u00e2nesc. Acum 3 ani am luat decizia s\u0103 nu mai calc prin niciun hotel dintre Mamaia \u0219i Mangalia. \u0218i nu am c\u0103lcat, chiar dac\u0103 numai anul ast\u0103 am f\u0103cut 3 drumuri spre mare. Numai c\u0103 este mai ieftin s\u0103 plec s\u00e2mb\u0103t\u0103 diminea\u021ba cu ma\u0219ina, s\u0103 m\u0103 \u00eentorc s\u00e2mb\u0103t\u0103 seara, \u0219i s\u0103 plec duminic\u0103 din nou dec\u00e2t s\u0103 pl\u0103tesc o noapte de cazare la noi. Trist! Oricum m-am \u00eentins cam mult, cert e de m\u00e2ine am<\/p>\n","protected":false},"author":1,"featured_media":0,"comment_status":"open","ping_status":"open","sticky":false,"template":"","format":"standard","meta":{"footnotes":""},"categories":[198],"tags":[249,310],"class_list":["post-156","post","type-post","status-publish","format-standard","hentry","category-altele","tag-concediu","tag-litoral"],"_links":{"self":[{"href":"https:\/\/ciprian.talaba.eu\/blog\/wp-json\/wp\/v2\/posts\/156","targetHints":{"allow":["GET"]}}],"collection":[{"href":"https:\/\/ciprian.talaba.eu\/blog\/wp-json\/wp\/v2\/posts"}],"about":[{"href":"https:\/\/ciprian.talaba.eu\/blog\/wp-json\/wp\/v2\/types\/post"}],"author":[{"embeddable":true,"href":"https:\/\/ciprian.talaba.eu\/blog\/wp-json\/wp\/v2\/users\/1"}],"replies":[{"embeddable":true,"href":"https:\/\/ciprian.talaba.eu\/blog\/wp-json\/wp\/v2\/comments?post=156"}],"version-history":[{"count":0,"href":"https:\/\/ciprian.talaba.eu\/blog\/wp-json\/wp\/v2\/posts\/156\/revisions"}],"wp:attachment":[{"href":"https:\/\/ciprian.talaba.eu\/blog\/wp-json\/wp\/v2\/media?parent=156"}],"wp:term":[{"taxonomy":"category","embeddable":true,"href":"https:\/\/ciprian.talaba.eu\/blog\/wp-json\/wp\/v2\/categories?post=156"},{"taxonomy":"post_tag","embeddable":true,"href":"https:\/\/ciprian.talaba.eu\/blog\/wp-json\/wp\/v2\/tags?post=156"}],"curies":[{"name":"wp","href":"https:\/\/api.w.org\/{rel}","templated":true}]}}