{"id":165,"date":"2008-10-07T14:10:28","date_gmt":"2008-10-07T14:10:28","guid":{"rendered":"http:\/\/mapguy.wordpress.com\/?p=165"},"modified":"2008-10-07T14:10:28","modified_gmt":"2008-10-07T14:10:28","slug":"calatorie-prin-moldova-ziua-iii","status":"publish","type":"post","link":"https:\/\/ciprian.talaba.eu\/blog\/calatorie-prin-moldova-ziua-iii\/","title":{"rendered":"C\u0103l\u0103torie prin Moldova &#8211; ziua III"},"content":{"rendered":"<p>Dup\u0103 dezam\u0103girea din ziua precendent\u0103, \u00een care ploaia ne-a chinuit \u00een continuu, speram ca soarele s\u0103 c\u00e2\u0219tige m\u0103car o b\u0103t\u0103lie cu norii. \u0218i din fericire a reu\u0219it m\u0103car pentru c\u00e2teva ore. Iat\u0103 cam ce se vedea de la balconul camerei noastre:<\/p>\n<figure id=\"attachment_166\" aria-describedby=\"caption-attachment-166\" style=\"width: 300px\" class=\"wp-caption aligncenter\"><a href=\"http:\/\/mapguy.files.wordpress.com\/2008\/09\/img_4067.jpg\"><img loading=\"lazy\" decoding=\"async\" class=\"size-medium wp-image-166\" title=\"O diminea\u021ba cu soare\" src=\"http:\/\/mapguy.files.wordpress.com\/2008\/09\/img_4067.jpg?w=300\" alt=\"O diminea\u021ba cu soare\" width=\"300\" height=\"225\" srcset=\"https:\/\/ciprian.talaba.eu\/blog\/wp-content\/uploads\/2008\/09\/img_4067.jpg 2816w, https:\/\/ciprian.talaba.eu\/blog\/wp-content\/uploads\/2008\/09\/img_4067-400x300.jpg 400w\" sizes=\"auto, (max-width: 300px) 100vw, 300px\" \/><\/a><figcaption id=\"caption-attachment-166\" class=\"wp-caption-text\">O diminea\u021ba cu soare<\/figcaption><\/figure>\n<p><figure id=\"attachment_167\" aria-describedby=\"caption-attachment-167\" style=\"width: 300px\" class=\"wp-caption aligncenter\"><a href=\"http:\/\/mapguy.files.wordpress.com\/2008\/09\/img_4069.jpg\"><img loading=\"lazy\" decoding=\"async\" class=\"size-medium wp-image-167\" title=\"O diminea\u021ba cu soare\" src=\"http:\/\/mapguy.files.wordpress.com\/2008\/09\/img_4069.jpg?w=300\" alt=\"O diminea\u021ba cu soare\" width=\"300\" height=\"225\" srcset=\"https:\/\/ciprian.talaba.eu\/blog\/wp-content\/uploads\/2008\/09\/img_4069.jpg 2816w, https:\/\/ciprian.talaba.eu\/blog\/wp-content\/uploads\/2008\/09\/img_4069-400x300.jpg 400w\" sizes=\"auto, (max-width: 300px) 100vw, 300px\" \/><\/a><figcaption id=\"caption-attachment-167\" class=\"wp-caption-text\">O diminea\u021ba cu soare<\/figcaption><\/figure><br \/>\n<!--more--><br \/>\n\u0218i chiar din fa\u021ba vilei lucrurile erau mult mai optimiste, pictate \u00een culori vii \u00een care albastrul \u0219i verdele erau predominante:<\/p>\n<figure id=\"attachment_168\" aria-describedby=\"caption-attachment-168\" style=\"width: 300px\" class=\"wp-caption aligncenter\"><a href=\"http:\/\/mapguy.files.wordpress.com\/2008\/09\/img_4078.jpg\"><img loading=\"lazy\" decoding=\"async\" class=\"size-medium wp-image-168\" title=\"O diminea\u021ba cu soare\" src=\"http:\/\/mapguy.files.wordpress.com\/2008\/09\/img_4078.jpg?w=300\" alt=\"O diminea\u021ba cu soare\" width=\"300\" height=\"225\" srcset=\"https:\/\/ciprian.talaba.eu\/blog\/wp-content\/uploads\/2008\/09\/img_4078.jpg 2816w, https:\/\/ciprian.talaba.eu\/blog\/wp-content\/uploads\/2008\/09\/img_4078-400x300.jpg 400w\" sizes=\"auto, (max-width: 300px) 100vw, 300px\" \/><\/a><figcaption id=\"caption-attachment-168\" class=\"wp-caption-text\">O diminea\u021ba cu soare<\/figcaption><\/figure>\n<p>Am luat un mic dejun copios \u0219i ne-am urcat \u00een ma\u0219in\u0103 pentru a ajunge la Dur\u0103u unde am \u00eenceput cu un set de poze:<\/p>\n<figure id=\"attachment_169\" aria-describedby=\"caption-attachment-169\" style=\"width: 300px\" class=\"wp-caption aligncenter\"><a href=\"http:\/\/mapguy.files.wordpress.com\/2008\/09\/img_4082.jpg\"><img loading=\"lazy\" decoding=\"async\" class=\"size-medium wp-image-169\" title=\"Intrarea \u00een Dur\u0103u\" src=\"http:\/\/mapguy.files.wordpress.com\/2008\/09\/img_4082.jpg?w=300\" alt=\"Intrarea \u00een Dur\u0103u\" width=\"300\" height=\"225\" srcset=\"https:\/\/ciprian.talaba.eu\/blog\/wp-content\/uploads\/2008\/09\/img_4082.jpg 2816w, https:\/\/ciprian.talaba.eu\/blog\/wp-content\/uploads\/2008\/09\/img_4082-400x300.jpg 400w\" sizes=\"auto, (max-width: 300px) 100vw, 300px\" \/><\/a><figcaption id=\"caption-attachment-169\" class=\"wp-caption-text\">Intrarea \u00een Dur\u0103u<\/figcaption><\/figure>\n<figure id=\"attachment_170\" aria-describedby=\"caption-attachment-170\" style=\"width: 300px\" class=\"wp-caption aligncenter\"><a href=\"http:\/\/mapguy.files.wordpress.com\/2008\/09\/img_4083.jpg\"><img loading=\"lazy\" decoding=\"async\" class=\"size-medium wp-image-170\" title=\"Colin\u0103 sub soare\" src=\"http:\/\/mapguy.files.wordpress.com\/2008\/09\/img_4083.jpg?w=300\" alt=\"Colin\u0103 sub soare\" width=\"300\" height=\"225\" \/><\/a><figcaption id=\"caption-attachment-170\" class=\"wp-caption-text\">Colin\u0103 sub soare<\/figcaption><\/figure>\n<p>Am trecut pe la Administra\u021bia Parcului Na\u021bional unde am pl\u0103tit taxa de 7 lei\/persoana pe care o pomenisem \u00een ziua a doua, unde am primit \u0219i un exemplar al unei mici h\u0103r\u021bi a masivului cu traseele cele mai cunoscute. De aici am urcat spre Hotelul Cascada, urm\u00e2nd traseul marcat cu banda ro\u0219ie care duce ini\u021bial c\u0103tre Cabana F\u00e2nt\u00e2nele.<\/p>\n<p>Dup\u0103 10-15 minute se intersecteaz\u0103 drumul jude\u0163ean 155F care face leg\u0103tura \u00eentre sta\u0163iunea Dur\u0103u \u015fi cabana Izvorul Muntelui. Traseul continu\u0103 prin p\u0103dure, la \u00eenceput pe o pant\u0103 mai domoal\u0103, ajung\u00e2nd pe ultima por\u0163iune tot mai greoi. Astfel, dup\u0103 aproximativ o or\u0103 de mers, timp \u00een care se urc\u0103 o diferen\u0163\u0103 de nivel de 400 m, se ajunge \u00een sf\u00e2r\u015fit la cabana F\u00e2nt\u00e2nele, situat\u0103 \u00een poiana cu acela\u015fi nume. La marginea inferioar\u0103 a poienii se afl\u0103 c\u00e2teva dintre izvoarele care au debitul cel mai mare din Ceahl\u0103u.<\/p>\n<figure id=\"attachment_171\" aria-describedby=\"caption-attachment-171\" style=\"width: 300px\" class=\"wp-caption aligncenter\"><a href=\"http:\/\/ciprian.talaba.eu\/blog\/wp-content\/uploads\/2008\/09\/img_4085.jpg\"><img loading=\"lazy\" decoding=\"async\" class=\"size-medium wp-image-171\" title=\"Urcarea spre F\u00e2nt\u00e2nele\" src=\"http:\/\/ciprian.talaba.eu\/blog\/wp-content\/uploads\/2008\/09\/img_4085.jpg?w=300\" alt=\"Urcarea spre F\u00e2nt\u00e2nele\" width=\"300\" height=\"225\" srcset=\"https:\/\/ciprian.talaba.eu\/blog\/wp-content\/uploads\/2008\/09\/img_4085.jpg 2816w, https:\/\/ciprian.talaba.eu\/blog\/wp-content\/uploads\/2008\/09\/img_4085-400x300.jpg 400w\" sizes=\"auto, (max-width: 300px) 100vw, 300px\" \/><\/a><figcaption id=\"caption-attachment-171\" class=\"wp-caption-text\">Urcarea spre F\u00e2nt\u00e2nele<\/figcaption><\/figure>\n<p>cabana F\u00e2nt\u00e2nele e situat\u0103 la 1220m altitudine, fiind cea mai accesibil\u0103 dintre cele din Ceahl\u0103u, \u0219i ofer\u0103 40 de locuri de cazare. Priveli\u0219tea de la caban\u0103 este superb\u0103. Po\u021bi vedea spre sud Panaghia \u0219i V\u00e2rful Toaca cu sta\u021bia meteo, iar spre vest o mare parte din sta\u021biunea Dur\u0103u.<\/p>\n<figure id=\"attachment_175\" aria-describedby=\"caption-attachment-175\" style=\"width: 300px\" class=\"wp-caption aligncenter\"><a href=\"http:\/\/mapguy.files.wordpress.com\/2008\/09\/img_4097.jpg\"><img loading=\"lazy\" decoding=\"async\" class=\"size-medium wp-image-175\" title=\"Vf. Toaca \u0219i Panaghia\" src=\"http:\/\/mapguy.files.wordpress.com\/2008\/09\/img_4097.jpg?w=300\" alt=\"Vf. Toaca \u0219i Panaghia\" width=\"300\" height=\"225\" srcset=\"https:\/\/ciprian.talaba.eu\/blog\/wp-content\/uploads\/2008\/09\/img_4097.jpg 2816w, https:\/\/ciprian.talaba.eu\/blog\/wp-content\/uploads\/2008\/09\/img_4097-400x300.jpg 400w\" sizes=\"auto, (max-width: 300px) 100vw, 300px\" \/><\/a><figcaption id=\"caption-attachment-175\" class=\"wp-caption-text\">Vf. Toaca \u0219i Panaghia<\/figcaption><\/figure>\n<figure id=\"attachment_172\" aria-describedby=\"caption-attachment-172\" style=\"width: 300px\" class=\"wp-caption aligncenter\"><a href=\"http:\/\/mapguy.files.wordpress.com\/2008\/09\/img_4093.jpg\"><img loading=\"lazy\" decoding=\"async\" class=\"size-medium wp-image-172\" title=\"Dur\u0103ul v\u0103zut de la F\u00e2nt\u00e2nele\" src=\"http:\/\/mapguy.files.wordpress.com\/2008\/09\/img_4093.jpg?w=300\" alt=\"Dur\u0103ul v\u0103zut de la F\u00e2nt\u00e2nele\" width=\"300\" height=\"225\" srcset=\"https:\/\/ciprian.talaba.eu\/blog\/wp-content\/uploads\/2008\/09\/img_4093.jpg 2816w, https:\/\/ciprian.talaba.eu\/blog\/wp-content\/uploads\/2008\/09\/img_4093-400x300.jpg 400w\" sizes=\"auto, (max-width: 300px) 100vw, 300px\" \/><\/a><figcaption id=\"caption-attachment-172\" class=\"wp-caption-text\">Dur\u0103ul v\u0103zut de la F\u00e2nt\u00e2nele<\/figcaption><\/figure>\n<figure id=\"attachment_173\" aria-describedby=\"caption-attachment-173\" style=\"width: 300px\" class=\"wp-caption aligncenter\"><a href=\"http:\/\/mapguy.files.wordpress.com\/2008\/09\/img_4094.jpg\"><img loading=\"lazy\" decoding=\"async\" class=\"size-medium wp-image-173\" title=\"Vedere spre nord de la F\u00e2nt\u00e2nele\" src=\"http:\/\/mapguy.files.wordpress.com\/2008\/09\/img_4094.jpg?w=300\" alt=\"Vedere spre nord de la F\u00e2nt\u00e2nele\" width=\"300\" height=\"225\" srcset=\"https:\/\/ciprian.talaba.eu\/blog\/wp-content\/uploads\/2008\/09\/img_4094.jpg 2816w, https:\/\/ciprian.talaba.eu\/blog\/wp-content\/uploads\/2008\/09\/img_4094-400x300.jpg 400w\" sizes=\"auto, (max-width: 300px) 100vw, 300px\" \/><\/a><figcaption id=\"caption-attachment-173\" class=\"wp-caption-text\">Vedere spre nord de la F\u00e2nt\u00e2nele<\/figcaption><\/figure>\n<figure id=\"attachment_174\" aria-describedby=\"caption-attachment-174\" style=\"width: 300px\" class=\"wp-caption aligncenter\"><a href=\"http:\/\/mapguy.files.wordpress.com\/2008\/09\/img_4096.jpg\"><img loading=\"lazy\" decoding=\"async\" class=\"size-medium wp-image-174\" title=\"Cabana F\u00e2nt\u00e2nele\" src=\"http:\/\/mapguy.files.wordpress.com\/2008\/09\/img_4096.jpg?w=300\" alt=\"Cabana F\u00e2nt\u00e2nele\" width=\"300\" height=\"225\" srcset=\"https:\/\/ciprian.talaba.eu\/blog\/wp-content\/uploads\/2008\/09\/img_4096.jpg 2816w, https:\/\/ciprian.talaba.eu\/blog\/wp-content\/uploads\/2008\/09\/img_4096-400x300.jpg 400w\" sizes=\"auto, (max-width: 300px) 100vw, 300px\" \/><\/a><figcaption id=\"caption-attachment-174\" class=\"wp-caption-text\">Cabana F\u00e2nt\u00e2nele<\/figcaption><\/figure>\n<p>Am avut ocazia s\u0103 vedea o mic\u0103 tab\u0103r\u0103 de copii care erau caza\u021bi la caban\u0103.<\/p>\n<figure id=\"attachment_176\" aria-describedby=\"caption-attachment-176\" style=\"width: 300px\" class=\"wp-caption aligncenter\"><a href=\"http:\/\/mapguy.files.wordpress.com\/2008\/09\/img_4101.jpg\"><img loading=\"lazy\" decoding=\"async\" class=\"size-medium wp-image-176\" title=\"Tab\u0103r\u0103 la F\u00e2nt\u00e2nele\" src=\"http:\/\/mapguy.files.wordpress.com\/2008\/09\/img_4101.jpg?w=300\" alt=\"Tab\u0103r\u0103 la F\u00e2nt\u00e2nele\" width=\"300\" height=\"225\" srcset=\"https:\/\/ciprian.talaba.eu\/blog\/wp-content\/uploads\/2008\/09\/img_4101.jpg 2816w, https:\/\/ciprian.talaba.eu\/blog\/wp-content\/uploads\/2008\/09\/img_4101-400x300.jpg 400w\" sizes=\"auto, (max-width: 300px) 100vw, 300px\" \/><\/a><figcaption id=\"caption-attachment-176\" class=\"wp-caption-text\">Tab\u0103r\u0103 la F\u00e2nt\u00e2nele<\/figcaption><\/figure>\n<p>De la cabana F\u00e2nt\u00e2nele am ales drumul spre Cascada Duruitoarea care trece prin Poiana Viezuri. Marcajul este triunghiul galben (p\u00e2n\u0103 la r\u0103scrucea din apropierea poienii Viezuri), iar mai apoi crucea ro\u0219ie p\u00e2n\u0103 la cascada (ba chiar \u0219i mai departe spre Cabana Dochia).<\/p>\n<p>Pe aceast\u0103 por\u021biune am fost \u00eenso\u021bi\u021bi de o c\u0103\u021belus\u0103 care merit\u0103 cu prisosin\u021b\u0103 titlul de ghid montan. Au fost c\u00e2teva locuri \u00een care nu g\u0103seam imediat urm\u0103torul semn, dar \u00een acest caz era suficient s\u0103 o urm\u0103m \u0219i p\u00e2n\u0103 la urm\u0103 g\u0103seam \u0219i semnul mult dorit. I-am f\u0103cut \u0219i ni\u0219te poze, dar pe care le voi prezenta \u00eentr-un alt post numit &#8222;Fauna din Ceahl\u0103u&#8221;.<\/p>\n<figure id=\"attachment_177\" aria-describedby=\"caption-attachment-177\" style=\"width: 300px\" class=\"wp-caption aligncenter\"><a href=\"http:\/\/ciprian.talaba.eu\/blog\/wp-content\/uploads\/2008\/09\/img_4110.jpg\"><img loading=\"lazy\" decoding=\"async\" class=\"size-medium wp-image-177\" title=\"La r\u0103scruce de drumuri\" src=\"http:\/\/ciprian.talaba.eu\/blog\/wp-content\/uploads\/2008\/09\/img_4110.jpg?w=300\" alt=\"La r\u0103scruce de drumuri\" width=\"300\" height=\"225\" srcset=\"https:\/\/ciprian.talaba.eu\/blog\/wp-content\/uploads\/2008\/09\/img_4110.jpg 2816w, https:\/\/ciprian.talaba.eu\/blog\/wp-content\/uploads\/2008\/09\/img_4110-400x300.jpg 400w\" sizes=\"auto, (max-width: 300px) 100vw, 300px\" \/><\/a><figcaption id=\"caption-attachment-177\" class=\"wp-caption-text\">La r\u0103scruce de drumuri<\/figcaption><\/figure>\n<figure id=\"attachment_178\" aria-describedby=\"caption-attachment-178\" style=\"width: 300px\" class=\"wp-caption aligncenter\"><a href=\"http:\/\/ciprian.talaba.eu\/blog\/wp-content\/uploads\/2008\/09\/img_4113.jpg\"><img loading=\"lazy\" decoding=\"async\" class=\"size-medium wp-image-178\" title=\"La r\u0103scruce de drumuri\" src=\"http:\/\/ciprian.talaba.eu\/blog\/wp-content\/uploads\/2008\/09\/img_4113.jpg?w=300\" alt=\"La r\u0103scruce de drumuri\" width=\"300\" height=\"225\" \/><\/a><figcaption id=\"caption-attachment-178\" class=\"wp-caption-text\">La r\u0103scruce de drumuri<\/figcaption><\/figure>\n<p>Cascada Duruitoarea este mult mai frumoas\u0103 dec\u00e2t mult mai cunoscuta Url\u0103toarea. Este situat\u0103 la 1.021 m altitudine, format\u0103 pe P\u00e2r\u0103ul Rupturii, cu o c\u0103dere de 25 m (\u00een compara\u021bie Url\u0103toarea are aproximativ 15 m), dar totu\u0219i este departe de cea mai mare cascada din Rom\u00e2nia, Cascada Cailor din Mun\u021bii Rodnei (275 m).<\/p>\n<figure id=\"attachment_180\" aria-describedby=\"caption-attachment-180\" style=\"width: 225px\" class=\"wp-caption aligncenter\"><a href=\"http:\/\/ciprian.talaba.eu\/blog\/wp-content\/uploads\/2008\/09\/img_41261.jpg\"><img loading=\"lazy\" decoding=\"async\" class=\"size-medium wp-image-180\" title=\"Cascada Duruitoarea\" src=\"http:\/\/ciprian.talaba.eu\/blog\/wp-content\/uploads\/2008\/09\/img_41261.jpg?w=225\" alt=\"Cascada Duruitoarea\" width=\"225\" height=\"300\" srcset=\"https:\/\/ciprian.talaba.eu\/blog\/wp-content\/uploads\/2008\/09\/img_41261.jpg 2112w, https:\/\/ciprian.talaba.eu\/blog\/wp-content\/uploads\/2008\/09\/img_41261-300x400.jpg 300w\" sizes=\"auto, (max-width: 225px) 100vw, 225px\" \/><\/a><figcaption id=\"caption-attachment-180\" class=\"wp-caption-text\">Cascada Duruitoarea<\/figcaption><\/figure>\n<figure id=\"attachment_180\" aria-describedby=\"caption-attachment-180\" style=\"width: 225px\" class=\"wp-caption aligncenter\"><a href=\"http:\/\/ciprian.talaba.eu\/blog\/wp-content\/uploads\/2008\/09\/img_4118.jpg\"><img loading=\"lazy\" decoding=\"async\" class=\"size-medium wp-image-180\" title=\"Cascada Duruitoarea\" src=\"http:\/\/ciprian.talaba.eu\/blog\/wp-content\/uploads\/2008\/09\/img_4118.jpg?w=225\" alt=\"Cascada Duruitoarea\" width=\"225\" height=\"300\" \/><\/a><figcaption id=\"caption-attachment-180\" class=\"wp-caption-text\">Cascada Duruitoarea<\/figcaption><\/figure>\n<p>De aici am f\u0103cut cale \u00eentoars\u0103 pe traseul Duruitoarei (cruce ro\u0219ie), trec\u00e2nd din nou prin Poiana Viezuri, \u0219i cobor\u00e2nd pe un traseu destul de \u00eembibat de ploaia ce c\u0103zuse toat\u0103 s\u0103pt\u0103m\u00e2na, ceea ce f\u0103cea cobor\u00e2rea destul de dificil\u0103.<\/p>\n<p>C\u00e2nd mai aveam cam 200 de metri p\u00e2n\u0103 \u00een Dur\u0103u norii au \u00eenceput s\u0103 se adune din nou, urmarea fiind o ploaie serioas\u0103 de var\u0103 care ne-a udat bini\u0219or. Nu vreau s\u0103 \u0219tiu ce au f\u0103cut cele 2 familii cu copii cu care ne-am \u00eent\u00e2lnit pe cobor\u00e2re, \u0219i nici cei care urcau spre Duruitoarea c\u00e2nd noi ne \u00eentorceam, pentru c\u0103 nu am v\u0103zut nici un ad\u0103post prin zon\u0103.<\/p>\n<p>Dup\u0103 ce ploaia s-a mai oprit am ajuns la ma\u0219in\u0103 \u0219i ne-am \u00eendreptat spre vil\u0103 unde am luat o combina\u021bie de pr\u00e2nz-cin\u0103 care s\u0103 pun\u0103 la loc toate caloriile arse \u00een aceast\u0103 plimbare de aproximativ 5 ore incluz\u00e2nd jum\u0103tate de or\u0103 de popasuri.<\/p>\n<p>Urmeaz\u0103 partea a IV-a cu plimbarea pe Cheile Bicazului.<\/p>\n<p>Informa\u021bii despre trasee:<br \/>\n1. <a href=\"http:\/\/www.neamt.ro\/Date_gen\/Ceahlau\/Traseul_4.html\">http:\/\/www.neamt.ro\/Date_gen\/Ceahlau\/Traseul_4.html<\/a><\/p>\n","protected":false},"excerpt":{"rendered":"<p>Dup\u0103 dezam\u0103girea din ziua precendent\u0103, \u00een care ploaia ne-a chinuit \u00een continuu, speram ca soarele s\u0103 c\u00e2\u0219tige m\u0103car o b\u0103t\u0103lie cu norii. \u0218i din fericire a reu\u0219it m\u0103car pentru c\u00e2teva ore. Iat\u0103 cam ce se vedea de la balconul camerei noastre:<\/p>\n","protected":false},"author":1,"featured_media":0,"comment_status":"open","ping_status":"open","sticky":false,"template":"","format":"standard","meta":{"footnotes":""},"categories":[200],"tags":[241,263,262,268],"class_list":["post-165","post","type-post","status-publish","format-standard","hentry","category-calatorii","tag-ceahlau","tag-durau","tag-duruitoarea","tag-fantanele"],"_links":{"self":[{"href":"https:\/\/ciprian.talaba.eu\/blog\/wp-json\/wp\/v2\/posts\/165","targetHints":{"allow":["GET"]}}],"collection":[{"href":"https:\/\/ciprian.talaba.eu\/blog\/wp-json\/wp\/v2\/posts"}],"about":[{"href":"https:\/\/ciprian.talaba.eu\/blog\/wp-json\/wp\/v2\/types\/post"}],"author":[{"embeddable":true,"href":"https:\/\/ciprian.talaba.eu\/blog\/wp-json\/wp\/v2\/users\/1"}],"replies":[{"embeddable":true,"href":"https:\/\/ciprian.talaba.eu\/blog\/wp-json\/wp\/v2\/comments?post=165"}],"version-history":[{"count":0,"href":"https:\/\/ciprian.talaba.eu\/blog\/wp-json\/wp\/v2\/posts\/165\/revisions"}],"wp:attachment":[{"href":"https:\/\/ciprian.talaba.eu\/blog\/wp-json\/wp\/v2\/media?parent=165"}],"wp:term":[{"taxonomy":"category","embeddable":true,"href":"https:\/\/ciprian.talaba.eu\/blog\/wp-json\/wp\/v2\/categories?post=165"},{"taxonomy":"post_tag","embeddable":true,"href":"https:\/\/ciprian.talaba.eu\/blog\/wp-json\/wp\/v2\/tags?post=165"}],"curies":[{"name":"wp","href":"https:\/\/api.w.org\/{rel}","templated":true}]}}