{"id":2114,"date":"2017-05-03T17:11:41","date_gmt":"2017-05-03T14:11:41","guid":{"rendered":"http:\/\/ciprian.talaba.eu\/blog\/?p=2114"},"modified":"2017-05-03T17:12:04","modified_gmt":"2017-05-03T14:12:04","slug":"rowmania-delta-triatlon-2016-un-experiment-cu-frustrari","status":"publish","type":"post","link":"https:\/\/ciprian.talaba.eu\/blog\/rowmania-delta-triatlon-2016-un-experiment-cu-frustrari\/","title":{"rendered":"Rowmania Delta Triatlon 2016 &#8211; un experiment cu frustr\u0103ri"},"content":{"rendered":"<p style=\"text-align: justify;\">Triatlonul de la Tulcea este unul din evenimentele pe care nu cred c\u0103 le-a\u0219 pierde, \u00een principal pentru c\u0103 e cel mai accesibil triatlon din punct de vedere al distan\u021bei fa\u021b\u0103 de Gala\u021bi, \u00een plus organizarea a fost bun\u0103 (cu excep\u021bia problemelor cu apa din 2015). A\u0219a c\u0103 \u0219i \u00een 2016 am fost prezent acolo, de data aceasta ca parte a unui experiment: ciclist \u00een cadrul unei \u0219tafete mixte, al\u0103turi de Lucian \u0219i Cristina.<\/p>\n<p style=\"text-align: justify;\">Pentru c\u0103 ora de start a fost mutat\u0103 foarte diminea\u021b\u0103, \u00eenainte Cupei Europene pentru Juniori (o idee bun\u0103 datorit\u0103 posibilelor temperaturi ridicate, doar c\u0103 limiteaz\u0103 un pic posibilit\u0103\u021bile de ajuns la start \u00een ziua concursului) a trebuit s\u0103 trecem cu bacul de la ora 5:30 de\u0219i oficial programul \u00eencepe la 6, dar se pare c\u0103\u00a0nu duceau lips\u0103 de clien\u021bi, bacul fiind aproape plin cu ma\u0219ini.<\/p>\n<figure id=\"attachment_2122\" aria-describedby=\"caption-attachment-2122\" style=\"width: 400px\" class=\"wp-caption aligncenter\"><a href=\"http:\/\/ciprian.talaba.eu\/blog\/wp-content\/uploads\/2017\/05\/DSC_0377.jpg\"><img loading=\"lazy\" decoding=\"async\" class=\"size-medium wp-image-2122\" src=\"http:\/\/ciprian.talaba.eu\/blog\/wp-content\/uploads\/2017\/05\/DSC_0377-400x265.jpg\" alt=\"R\u0103s\u0103ritul pe la Somova\" width=\"400\" height=\"265\" \/><\/a><figcaption id=\"caption-attachment-2122\" class=\"wp-caption-text\">R\u0103s\u0103ritul pe la Somova<\/figcaption><\/figure>\n<p style=\"text-align: justify;\">Preluarea pachetelor \u0219i organizarea \u00eenainte de start a decurs\u00a0f\u0103r\u0103 probleme, singurul lucru ciudat a fost ca \u0219i \u00een 2015 faptul c\u0103 chipurile erau \u00eemp\u0103r\u021bite chiar \u00eenainte de start \u0219i nu se aflau \u00een pachet (dac\u0103 \u0219tie cineva care e motivul s\u0103 fac\u0103 un pic de lumin\u0103 \u0219i pentru mine).<\/p>\n<p style=\"text-align: justify;\">Sincer s\u0103 fiu speram s\u0103 prindem un loc 3 la mixt, \u0219tiam sigur c\u0103 \u00eenaintea noastr\u0103 va fi echipa celor de la AquaSport Gala\u021bi care \u00eel aveau pe conu&#8217; Maus la biciclet\u0103 \u0219i un alerg\u0103tor bun, dar \u00een rest nu \u0219tiam cam la ce s\u0103 m\u0103 a\u0219tept. Cum speran\u021ba moare ultima, am zis c\u0103 tragem tare \u0219i vedem ce iese.<\/p>\n<figure id=\"attachment_2121\" aria-describedby=\"caption-attachment-2121\" style=\"width: 400px\" class=\"wp-caption aligncenter\"><a href=\"http:\/\/ciprian.talaba.eu\/blog\/wp-content\/uploads\/2017\/05\/20160828_072447.jpg\"><img loading=\"lazy\" decoding=\"async\" class=\"size-medium wp-image-2121\" src=\"http:\/\/ciprian.talaba.eu\/blog\/wp-content\/uploads\/2017\/05\/20160828_072447-400x240.jpg\" alt=\"Bicicleta e cuminte \u00een tranzi\u021bie\" width=\"400\" height=\"240\" \/><\/a><figcaption id=\"caption-attachment-2121\" class=\"wp-caption-text\">Bicicleta e cuminte \u00een tranzi\u021bie<\/figcaption><\/figure>\n<p style=\"text-align: justify;\">Lucian a avut un \u00eenot decent \u0219i am pred\u0103 chip-ul dup\u0103 33 de minute (ca \u0219i compara\u021bie cel mai bun \u00eenot al meu la Tulcea a fost la 42 de minute), alerg p\u00e2n\u0103 la biciclet\u0103 \u0219i apoi ies pe traseu sper\u00e2nd s\u0103 nu mai am ghinion cu vreo pan\u0103 ca \u00een 2015.\u00a0Decizia de a permite mersul la tren\u0103 cred c\u0103 a fost foarte bun\u0103, a dus la cre\u0219terea spectaculozit\u0103\u021bii, cel pu\u021bin a\u0219a am sim\u021bit-o eu de pe traseu, unde\u00a0a ad\u0103ugat un nou element de tactic\u0103.<\/p>\n<figure id=\"attachment_2120\" aria-describedby=\"caption-attachment-2120\" style=\"width: 400px\" class=\"wp-caption aligncenter\"><a href=\"http:\/\/ciprian.talaba.eu\/blog\/wp-content\/uploads\/2017\/05\/DSC_0521.jpg\"><img loading=\"lazy\" decoding=\"async\" class=\"size-medium wp-image-2120\" src=\"http:\/\/ciprian.talaba.eu\/blog\/wp-content\/uploads\/2017\/05\/DSC_0521-400x265.jpg\" alt=\"Am plecat\" width=\"400\" height=\"265\" \/><\/a><figcaption id=\"caption-attachment-2120\" class=\"wp-caption-text\">Am plecat<\/figcaption><\/figure>\n<p style=\"text-align: justify;\">Aici am pierdut probabil c\u00e2teva minute c\u00e2nd dup\u0103 ce am mers al\u0103turi de concurentul de la \u0219tafeta Trisport la un moment dat l-am pierdut pe cobor\u00e2re \u0219i nu am for\u021bat imediat s\u0103 prind din nou trena, ceea ce privind la rezultate nu era imposibil, doar c\u0103 poate am fost prea conservator cu mine (e drept nu m-a ajutat nici faptul c\u0103 centura de puls nu \u00eemi ar\u0103ta ni\u0219te valori reale, dar aici e tot vina mea c\u0103 nu am avut grij\u0103 de baterie).<\/p>\n<figure id=\"attachment_2119\" aria-describedby=\"caption-attachment-2119\" style=\"width: 400px\" class=\"wp-caption aligncenter\"><a href=\"http:\/\/ciprian.talaba.eu\/blog\/wp-content\/uploads\/2017\/05\/DSC_0555.jpg\"><img loading=\"lazy\" decoding=\"async\" class=\"size-medium wp-image-2119\" src=\"http:\/\/ciprian.talaba.eu\/blog\/wp-content\/uploads\/2017\/05\/DSC_0555-400x265.jpg\" alt=\"\u00cencepem o nou\u0103 tur\u0103\" width=\"400\" height=\"265\" \/><\/a><figcaption id=\"caption-attachment-2119\" class=\"wp-caption-text\">\u00cencepem o nou\u0103 tur\u0103<\/figcaption><\/figure>\n<p style=\"text-align: justify;\">La un moment dat Lucian (care a continuat proba olimpic\u0103) m\u0103 ajunge \u0219i \u00eemi trag un pic sufletul, iar mai apoi ne prinde din urm\u0103 \u0219i Muti care recuperase c\u00e2teva minute. \u00cel las pe Lucian un pic \u00een spate \u0219i merg mai departe cu Muti pentru ultimele 2 ture \u0219i termin\u0103m \u00eempreun\u0103 pred\u00e2nd chip-ul alerg\u0103torilor (o premier\u0103 pentru Muti este faptul c\u0103 nu a mai f\u0103cut o tur\u0103 \u00een plus ca anii trecu\u021bi \ud83d\ude42 ).<\/p>\n<figure id=\"attachment_2118\" aria-describedby=\"caption-attachment-2118\" style=\"width: 400px\" class=\"wp-caption aligncenter\"><a href=\"http:\/\/ciprian.talaba.eu\/blog\/wp-content\/uploads\/2017\/05\/DSC_0568.jpg\"><img loading=\"lazy\" decoding=\"async\" class=\"size-medium wp-image-2118\" src=\"http:\/\/ciprian.talaba.eu\/blog\/wp-content\/uploads\/2017\/05\/DSC_0568-400x265.jpg\" alt=\"\u0218i \u00eenc\u0103 una\" width=\"400\" height=\"265\" \/><\/a><figcaption id=\"caption-attachment-2118\" class=\"wp-caption-text\">\u0218i \u00eenc\u0103 una<\/figcaption><\/figure>\n<p style=\"text-align: justify;\">Aici at\u00e2t \u201elupul\u201d Adrian c\u00e2t \u0219i Cristina stabilesc noi recorduri personale pe 10km, dar din p\u0103cate echipa \u201eAlerg 5K\u201d ajuge doar pe locul 4 la mixt, la mai pu\u021bin de 5 minute fa\u021b\u0103 de tulcenii de la Aqua Vita Delta. De aici \u0219i frustr\u0103rile din titlu, probabil locul 4 este cel\u00a0care treze\u0219te tot felul de sentimente, dar probabil c\u0103 ideal e s\u0103 r\u0103m\u00e2i cu cel de revan\u0219\u0103, a\u0219a c\u0103 Tulcea, ne vedem \u00een 2017!<\/p>\n","protected":false},"excerpt":{"rendered":"<p>Triatlonul de la Tulcea este unul din evenimentele pe care nu cred c\u0103 le-a\u0219 pierde, \u00een principal pentru c\u0103 e cel mai accesibil triatlon din punct de vedere al distan\u021bei fa\u021b\u0103 de Gala\u021bi, \u00een plus organizarea a fost bun\u0103 (cu excep\u021bia problemelor cu apa din 2015). A\u0219a c\u0103 \u0219i \u00een 2016 am fost prezent acolo, de data aceasta ca parte a unui experiment: ciclist \u00een cadrul unei \u0219tafete mixte, al\u0103turi de Lucian \u0219i Cristina. Pentru c\u0103 ora de start a fost mutat\u0103 foarte diminea\u021b\u0103, \u00eenainte Cupei Europene pentru Juniori (o idee bun\u0103 datorit\u0103 posibilelor temperaturi ridicate, doar c\u0103 limiteaz\u0103 un<\/p>\n","protected":false},"author":1,"featured_media":2118,"comment_status":"open","ping_status":"open","sticky":false,"template":"","format":"standard","meta":{"footnotes":""},"categories":[199,211,392],"tags":[],"class_list":["post-2114","post","type-post","status-publish","format-standard","has-post-thumbnail","hentry","category-ciclism","category-sport","category-triatlon"],"_links":{"self":[{"href":"https:\/\/ciprian.talaba.eu\/blog\/wp-json\/wp\/v2\/posts\/2114","targetHints":{"allow":["GET"]}}],"collection":[{"href":"https:\/\/ciprian.talaba.eu\/blog\/wp-json\/wp\/v2\/posts"}],"about":[{"href":"https:\/\/ciprian.talaba.eu\/blog\/wp-json\/wp\/v2\/types\/post"}],"author":[{"embeddable":true,"href":"https:\/\/ciprian.talaba.eu\/blog\/wp-json\/wp\/v2\/users\/1"}],"replies":[{"embeddable":true,"href":"https:\/\/ciprian.talaba.eu\/blog\/wp-json\/wp\/v2\/comments?post=2114"}],"version-history":[{"count":3,"href":"https:\/\/ciprian.talaba.eu\/blog\/wp-json\/wp\/v2\/posts\/2114\/revisions"}],"predecessor-version":[{"id":2123,"href":"https:\/\/ciprian.talaba.eu\/blog\/wp-json\/wp\/v2\/posts\/2114\/revisions\/2123"}],"wp:featuredmedia":[{"embeddable":true,"href":"https:\/\/ciprian.talaba.eu\/blog\/wp-json\/wp\/v2\/media\/2118"}],"wp:attachment":[{"href":"https:\/\/ciprian.talaba.eu\/blog\/wp-json\/wp\/v2\/media?parent=2114"}],"wp:term":[{"taxonomy":"category","embeddable":true,"href":"https:\/\/ciprian.talaba.eu\/blog\/wp-json\/wp\/v2\/categories?post=2114"},{"taxonomy":"post_tag","embeddable":true,"href":"https:\/\/ciprian.talaba.eu\/blog\/wp-json\/wp\/v2\/tags?post=2114"}],"curies":[{"name":"wp","href":"https:\/\/api.w.org\/{rel}","templated":true}]}}