{"id":838,"date":"2011-01-16T09:46:36","date_gmt":"2011-01-16T09:46:36","guid":{"rendered":"http:\/\/mapguy.wordpress.com\/?p=838"},"modified":"2011-01-16T09:46:36","modified_gmt":"2011-01-16T09:46:36","slug":"bicicleta-veche-bicicleta-noua","status":"publish","type":"post","link":"https:\/\/ciprian.talaba.eu\/blog\/bicicleta-veche-bicicleta-noua\/","title":{"rendered":"Biciclet\u0103 veche, biciclet\u0103 nou\u0103"},"content":{"rendered":"<p style=\"text-align:justify;\">Am re\u00eenceput s\u0103 scriu pe blog dup\u0103 o pauz\u0103 prea mare a\u0219a c\u0103 am mult de recuperat. \u00cen 2009 devenisem proprietarul unui Focus Arriba care mi se potrivea numai bine. Prin martie anul trecut am vrut s\u0103 preg\u0103tesc bicicleta de noul sezon a\u0219a c\u0103 am f\u0103cut o scurt\u0103 vizit\u0103 la usc\u0103tor unde era \u021binut\u0103 al\u0103turi de alte biciclete, trotinete, etc. Cauciucul spate era un pic cam moale, dar \u00een general totul p\u0103rea OK. Am revenit peste aproximativ o s\u0103pt\u0103m\u00e2n\u0103 c\u00e2nd vremea era mai frumoas\u0103 s\u0103 o scot la plimbare, dar am dar peste o mare surpriz\u0103: bicicleta mea nu mai era la locul ei, \u00een rest lucrurile nu p\u0103reau schimbate. Urme de for\u021bare a u\u0219ii nu erau a\u0219a c\u0103 am \u00eentrebat prin vecini, poate avea cineva nevoie de o biciclet\u0103, sau de spa\u021biul pe care \u00eel ocupa. Din p\u0103cate nu am aflat nimic a\u0219a c\u0103 am f\u0103cut o vizit\u0103 la poli\u021bie, unde m-am sim\u021bit ca un infractor (cel cu care am vorbit avea un mod foarte ciudat de a pune \u00eentreb\u0103rile, cred c\u0103 vorbise cu prea mul\u021bi poten\u021biali infractori la via\u021ba lui) \u0219i care a r\u0103mas f\u0103r\u0103 rezultat.<\/p>\n<p style=\"text-align:justify;\">Cum aveam planuri mari cu bicicleta am \u00eenceput c\u0103ut\u0103rile pentru una nou\u0103. Am luat la r\u00e2nd toate site-urile ce v\u00e2nd biciclete din Rom\u00e2nia, am \u0219i sunat la unele magazine din Bucure\u0219ti, am c\u0103utat pe bazarul de pe ciclism.ro, dar toate au r\u0103mas f\u0103r\u0103 succes. \u00cen cele din urm\u0103 am g\u0103sit o super ofert\u0103 la un Corratec X-Vert Cross model 2009 pe www.chainreactioncycles.com (redus de la 700 EUR la 350 EUR) care era exact ce vroiam. Transportul a facut 32 EUR \u0219i totul a ajuns perfect la destina\u021bie \u00een 9 zile de la comand\u0103 (magazinul e din Marea Britanie). Cam a\u0219a ar\u0103ta bicicleta dup\u0103 ce am scos-o din cutie:<\/p>\n<p style=\"text-align:justify;\">\n<figure id=\"attachment_840\" aria-describedby=\"caption-attachment-840\" style=\"width: 300px\" class=\"wp-caption aligncenter\"><a href=\"http:\/\/ciprian.talaba.eu\/blog\/wp-content\/uploads\/2011\/01\/imag0040.jpg\"><img loading=\"lazy\" decoding=\"async\" class=\"size-medium wp-image-840\" title=\"Corratec X-Vert Cross cu pedalele montate\" src=\"http:\/\/ciprian.talaba.eu\/blog\/wp-content\/uploads\/2011\/01\/imag0040.jpg?w=300\" alt=\"Corratec X-Vert Cross cu pedalele montate\" width=\"300\" height=\"200\" srcset=\"https:\/\/ciprian.talaba.eu\/blog\/wp-content\/uploads\/2011\/01\/imag0040.jpg 2016w, https:\/\/ciprian.talaba.eu\/blog\/wp-content\/uploads\/2011\/01\/imag0040-400x267.jpg 400w, https:\/\/ciprian.talaba.eu\/blog\/wp-content\/uploads\/2011\/01\/imag0040-420x280.jpg 420w\" sizes=\"auto, (max-width: 300px) 100vw, 300px\" \/><\/a><figcaption id=\"caption-attachment-840\" class=\"wp-caption-text\">Corratec X-Vert Cross cu pedalele montate<\/figcaption><\/figure>\n<p style=\"text-align:justify;\">Aceast\u0103 biciclet\u0103 a f\u0103cut destule plimb\u0103ri \u00een 2010 pe care voi \u00eencerca s\u0103 le amintesc pe aici.<\/p>\n","protected":false},"excerpt":{"rendered":"<p>Am re\u00eenceput s\u0103 scriu pe blog dup\u0103 o pauz\u0103 prea mare a\u0219a c\u0103 am mult de recuperat. \u00cen 2009 devenisem proprietarul unui Focus Arriba care mi se potrivea numai bine. Prin martie anul trecut am vrut s\u0103 preg\u0103tesc bicicleta de noul sezon a\u0219a c\u0103 am f\u0103cut o scurt\u0103 vizit\u0103 la usc\u0103tor unde era \u021binut\u0103 al\u0103turi de alte biciclete, trotinete, etc. Cauciucul spate era un pic cam moale, dar \u00een general totul p\u0103rea OK. Am revenit peste aproximativ o s\u0103pt\u0103m\u00e2n\u0103 c\u00e2nd vremea era mai frumoas\u0103 s\u0103 o scot la plimbare, dar am dar peste o mare surpriz\u0103: bicicleta mea nu mai<\/p>\n","protected":false},"author":1,"featured_media":0,"comment_status":"open","ping_status":"open","sticky":false,"template":"","format":"standard","meta":{"footnotes":""},"categories":[199],"tags":[],"class_list":["post-838","post","type-post","status-publish","format-standard","hentry","category-ciclism"],"_links":{"self":[{"href":"https:\/\/ciprian.talaba.eu\/blog\/wp-json\/wp\/v2\/posts\/838","targetHints":{"allow":["GET"]}}],"collection":[{"href":"https:\/\/ciprian.talaba.eu\/blog\/wp-json\/wp\/v2\/posts"}],"about":[{"href":"https:\/\/ciprian.talaba.eu\/blog\/wp-json\/wp\/v2\/types\/post"}],"author":[{"embeddable":true,"href":"https:\/\/ciprian.talaba.eu\/blog\/wp-json\/wp\/v2\/users\/1"}],"replies":[{"embeddable":true,"href":"https:\/\/ciprian.talaba.eu\/blog\/wp-json\/wp\/v2\/comments?post=838"}],"version-history":[{"count":0,"href":"https:\/\/ciprian.talaba.eu\/blog\/wp-json\/wp\/v2\/posts\/838\/revisions"}],"wp:attachment":[{"href":"https:\/\/ciprian.talaba.eu\/blog\/wp-json\/wp\/v2\/media?parent=838"}],"wp:term":[{"taxonomy":"category","embeddable":true,"href":"https:\/\/ciprian.talaba.eu\/blog\/wp-json\/wp\/v2\/categories?post=838"},{"taxonomy":"post_tag","embeddable":true,"href":"https:\/\/ciprian.talaba.eu\/blog\/wp-json\/wp\/v2\/tags?post=838"}],"curies":[{"name":"wp","href":"https:\/\/api.w.org\/{rel}","templated":true}]}}