{"id":926,"date":"2014-01-17T22:26:52","date_gmt":"2014-01-17T22:26:52","guid":{"rendered":"http:\/\/mapguy.wordpress.com\/?p=926"},"modified":"2014-01-25T17:23:05","modified_gmt":"2014-01-25T17:23:05","slug":"pe-scurt-despre-2012-si-ce-planuri-am-avut-pe-2013","status":"publish","type":"post","link":"https:\/\/ciprian.talaba.eu\/blog\/pe-scurt-despre-2012-si-ce-planuri-am-avut-pe-2013\/","title":{"rendered":"Pe scurt despre 2012, \u0219i ce planuri am avut pe 2013"},"content":{"rendered":"<p>Dac\u0103 tot am re\u00eenceput s\u0103 scriu datorit\u0103 lui <a href=\"http:\/\/diaconugabriel.blogspot.ro\/\" target=\"_blank\">Juga<\/a>\u00a0s\u0103 \u00eencerc\u0103m s\u0103 ajungem la zi cu pove\u0219tile. 2012 a fost un an \u00eenc\u0103rcat \u0219i mi-ar lua prea mult s\u0103 ia fiecare eveniment la r\u00e2nd a\u0219a c\u0103 facem o restrospectiv\u0103 rapid\u0103.<\/p>\n<p>Au fost 8 concursuri, majoritatea de MTB dar \u0219i primul concurs de alergare (hiking rapid pentru noi) pe munte. S\u0103 le lu\u0103m pe r\u00e2nd:<\/p>\n<p>&#8211; GXC 2012, o edi\u021bie cu soare \u0219i un traseu nou foarte fain marca Maus.<\/p>\n<p style=\"text-align: center;\"><a href=\"http:\/\/ciprian.talaba.eu\/blog\/wp-content\/uploads\/2014\/01\/525791_426042070740112_1203198350_n.jpg\"><img loading=\"lazy\" decoding=\"async\" class=\" wp-image aligncenter\" id=\"i-951\" alt=\"Image\" src=\"http:\/\/ciprian.talaba.eu\/blog\/wp-content\/uploads\/2014\/01\/525791_426042070740112_1203198350_n.jpg?w=487\" width=\"292\" height=\"437\" \/><\/a><\/p>\n<p><!--more-->&#8211; Prima Evadare uscat\u0103 cu o clasare bun\u0103 de\u0219i am avut mici probleme \u00een partea a doua a cursei dup\u0103 o c\u0103z\u0103tur\u0103.<\/p>\n<p style=\"text-align: left;\"><a href=\"http:\/\/ciprian.talaba.eu\/blog\/wp-content\/uploads\/2014\/01\/392521_426043677406618_1043714720_n.jpg\"><img loading=\"lazy\" decoding=\"async\" class=\" wp-image aligncenter\" id=\"i-953\" alt=\"Image\" src=\"http:\/\/ciprian.talaba.eu\/blog\/wp-content\/uploads\/2014\/01\/392521_426043677406618_1043714720_n.jpg?w=487\" width=\"292\" height=\"219\" \/><\/a>&#8211; un Velo Compass cu mult\u0103 ploaie \u0219i adrenalin\u0103, dar \u0219i primul concurs c\u00e2\u0219tigat.<\/p>\n<p style=\"text-align: left;\"><a href=\"http:\/\/ciprian.talaba.eu\/blog\/wp-content\/uploads\/2014\/01\/550773_430836413594011_1301476253_n.jpg\"><img loading=\"lazy\" decoding=\"async\" class=\" wp-image aligncenter\" id=\"i-955\" alt=\"Image\" src=\"http:\/\/ciprian.talaba.eu\/blog\/wp-content\/uploads\/2014\/01\/550773_430836413594011_1301476253_n.jpg?w=487\" width=\"292\" height=\"394\" \/><\/a>&#8211; Skoda Velo Challenge, cu o echip\u0103 doar un pic schimbat\u0103 am reu\u0219it clasarea pe locul 2 la IT, reduc\u00e2nd distan\u021ba fa\u021b\u0103 de locul I (aceia\u0219i c\u00e2\u0219tig\u0103tori din 2011) cu 5 minute<\/p>\n<p style=\"text-align: left;\"><a href=\"http:\/\/ciprian.talaba.eu\/blog\/wp-content\/uploads\/2014\/01\/282882_358836374183341_1103395715_n.jpg\"><img loading=\"lazy\" decoding=\"async\" class=\" wp-image aligncenter\" id=\"i-956\" alt=\"Image\" src=\"http:\/\/ciprian.talaba.eu\/blog\/wp-content\/uploads\/2014\/01\/282882_358836374183341_1103395715_n.jpg?w=487\" width=\"341\" height=\"226\" \/><\/a>&#8211; Marvin 2012 cu ale lui temperaturi inumane, unde am terminat \u00een prima treime.<\/p>\n<p style=\"text-align: left;\"><a href=\"http:\/\/ciprian.talaba.eu\/blog\/wp-content\/uploads\/2014\/01\/423499_470291856315133_388961507_n.jpg\"><img loading=\"lazy\" decoding=\"async\" class=\" wp-image aligncenter\" id=\"i-958\" alt=\"Image\" src=\"http:\/\/ciprian.talaba.eu\/blog\/wp-content\/uploads\/2014\/01\/423499_470291856315133_388961507_n.jpg?w=487\" width=\"341\" height=\"510\" \/><\/a>&#8211; Zimbr\u0103ria Neagr\u0103, unde am reu\u0219it s\u0103 m\u0103 r\u0103t\u0103cesc prima dat\u0103 pierz\u00e2nd peste 5 minute \u0219i clas\u00e2ndu-m\u0103 un pic mai slab dec\u00e2t m\u0103 a\u0219teptam<\/p>\n<p style=\"text-align: left;\"><a href=\"http:\/\/ciprian.talaba.eu\/blog\/wp-content\/uploads\/2014\/01\/547772_396671707049343_663976567_n.jpg\"><img loading=\"lazy\" decoding=\"async\" class=\" wp-image aligncenter\" id=\"i-959\" alt=\"Image\" src=\"http:\/\/ciprian.talaba.eu\/blog\/wp-content\/uploads\/2014\/01\/547772_396671707049343_663976567_n.jpg?w=487\" width=\"292\" height=\"440\" \/><\/a>&#8211; Babadag XC unde m-am prezentat cu un MTB adecvat, termin\u00e2nd cu 45 de minute mai rapid dec\u00e2t cu un an \u00een urm\u0103<\/p>\n<p style=\"text-align: left;\"><a href=\"http:\/\/ciprian.talaba.eu\/blog\/wp-content\/uploads\/2014\/01\/482073_426689564044274_1107929609_n.jpg\"><img loading=\"lazy\" decoding=\"async\" class=\" wp-image aligncenter\" id=\"i-960\" alt=\"Image\" src=\"http:\/\/ciprian.talaba.eu\/blog\/wp-content\/uploads\/2014\/01\/482073_426689564044274_1107929609_n.jpg?w=487\" width=\"292\" height=\"195\" \/><\/a>&#8211; 2&#215;2, defapt doar X2 pentru echipa &#8222;The Blues&#8221; (Alba\u0219trii), prima curs\u0103 pe munte \u00een echip\u0103. Un concurs cu satisfac\u021bii urmate de dureri de genunchi \u0219i apoi iar satisfac\u021bia de a ajunge la finish \u00een timpul propus.<\/p>\n<p style=\"text-align: center;\"><a href=\"http:\/\/ciprian.talaba.eu\/blog\/wp-content\/uploads\/2014\/01\/550176_597796520237846_367850878_n.jpg\"><img loading=\"lazy\" decoding=\"async\" class=\" wp-image aligncenter\" id=\"i-962\" alt=\"Image\" src=\"http:\/\/ciprian.talaba.eu\/blog\/wp-content\/uploads\/2014\/01\/550176_597796520237846_367850878_n.jpg?w=487\" width=\"341\" height=\"192\" \/><\/a><\/p>\n<p>Tot \u00een 2012 (prin mai-iunie) \u00eemi intrase \u00een cap ideea unui maraton, \u0219i \u00eencepusem timid antrenamantele. \u00cens\u0103 cursele de MTB care necesitau ceva antrenamente \u0219i concediul m-au cam \u00eendep\u0103rtat de obiectiv, ceea ce m-a f\u0103cut s\u0103 declar c\u0103 2013 va sta sub semnul alerg\u0103rii. \u0218i cum pove\u0219tile din 2013 nu sunt a\u0219a de multe ve\u021bi avea timp s\u0103 judeca\u021bi dac\u0103 chiar a\u0219a a \u0219i fost :).<\/p>\n<p>-Va urma-<\/p>\n","protected":false},"excerpt":{"rendered":"<p>Dac\u0103 tot am re\u00eenceput s\u0103 scriu datorit\u0103 lui Juga\u00a0s\u0103 \u00eencerc\u0103m s\u0103 ajungem la zi cu pove\u0219tile. 2012 a fost un an \u00eenc\u0103rcat \u0219i mi-ar lua prea mult s\u0103 ia fiecare eveniment la r\u00e2nd a\u0219a c\u0103 facem o restrospectiv\u0103 rapid\u0103. Au fost 8 concursuri, majoritatea de MTB dar \u0219i primul concurs de alergare (hiking rapid pentru noi) pe munte. S\u0103 le lu\u0103m pe r\u00e2nd: &#8211; GXC 2012, o edi\u021bie cu soare \u0219i un traseu nou foarte fain marca Maus.<\/p>\n","protected":false},"author":1,"featured_media":0,"comment_status":"open","ping_status":"open","sticky":false,"template":"","format":"standard","meta":{"footnotes":""},"categories":[197,199],"tags":[],"class_list":["post-926","post","type-post","status-publish","format-standard","hentry","category-alergare","category-ciclism"],"_links":{"self":[{"href":"https:\/\/ciprian.talaba.eu\/blog\/wp-json\/wp\/v2\/posts\/926","targetHints":{"allow":["GET"]}}],"collection":[{"href":"https:\/\/ciprian.talaba.eu\/blog\/wp-json\/wp\/v2\/posts"}],"about":[{"href":"https:\/\/ciprian.talaba.eu\/blog\/wp-json\/wp\/v2\/types\/post"}],"author":[{"embeddable":true,"href":"https:\/\/ciprian.talaba.eu\/blog\/wp-json\/wp\/v2\/users\/1"}],"replies":[{"embeddable":true,"href":"https:\/\/ciprian.talaba.eu\/blog\/wp-json\/wp\/v2\/comments?post=926"}],"version-history":[{"count":1,"href":"https:\/\/ciprian.talaba.eu\/blog\/wp-json\/wp\/v2\/posts\/926\/revisions"}],"predecessor-version":[{"id":1302,"href":"https:\/\/ciprian.talaba.eu\/blog\/wp-json\/wp\/v2\/posts\/926\/revisions\/1302"}],"wp:attachment":[{"href":"https:\/\/ciprian.talaba.eu\/blog\/wp-json\/wp\/v2\/media?parent=926"}],"wp:term":[{"taxonomy":"category","embeddable":true,"href":"https:\/\/ciprian.talaba.eu\/blog\/wp-json\/wp\/v2\/categories?post=926"},{"taxonomy":"post_tag","embeddable":true,"href":"https:\/\/ciprian.talaba.eu\/blog\/wp-json\/wp\/v2\/tags?post=926"}],"curies":[{"name":"wp","href":"https:\/\/api.w.org\/{rel}","templated":true}]}}